{"id":65,"date":"2015-10-14T15:43:33","date_gmt":"2015-10-14T15:43:33","guid":{"rendered":"https:\/\/www.exceder.pt\/blog\/4-problemas-comuns-que-um-entrevistador-encontra-numa-entrevista-de-emprego\/"},"modified":"2026-04-28T21:15:38","modified_gmt":"2026-04-28T21:15:38","slug":"4-problemas-comuns-que-um-entrevistador-encontra-numa-entrevista-de-emprego","status":"publish","type":"post","link":"https:\/\/www.exceder.pt\/blog\/4-problemas-comuns-que-um-entrevistador-encontra-numa-entrevista-de-emprego\/","title":{"rendered":"4 Problemas comuns que um entrevistador encontra numa entrevista de emprego"},"content":{"rendered":"<p><a href=\"https:\/\/www.exceder.pt\/blog\/wp-content\/uploads\/2015\/10\/84a72489-6dc1-4749-a85f-d2784b388414_it_job_interview_fotolia_13405170_subscript.jpg\"><img fetchpriority=\"high\" decoding=\"async\" loading=\"eager\" class=\" wp-image-375 aligncenter\" src=\"https:\/\/www.exceder.pt\/blog\/wp-content\/uploads\/2015\/10\/84a72489-6dc1-4749-a85f-d2784b388414_it_job_interview_fotolia_13405170_subscript.jpg?w=300\" alt=\"Job Interview with Smiles\" width=\"351\" height=\"198\" srcset=\"https:\/\/www.exceder.pt\/blog\/wp-content\/uploads\/2015\/10\/84a72489-6dc1-4749-a85f-d2784b388414_it_job_interview_fotolia_13405170_subscript.jpg 669w, https:\/\/www.exceder.pt\/blog\/wp-content\/uploads\/2015\/10\/84a72489-6dc1-4749-a85f-d2784b388414_it_job_interview_fotolia_13405170_subscript-600x338.jpg 600w, https:\/\/www.exceder.pt\/blog\/wp-content\/uploads\/2015\/10\/84a72489-6dc1-4749-a85f-d2784b388414_it_job_interview_fotolia_13405170_subscript-300x168.jpg 300w\" sizes=\"(max-width: 351px) 100vw, 351px\" \/><\/a><\/p>\n<p>Saber selecionar bem um colaborador para a sua empresa nem sempre \u00e9 f\u00e1cil. A entrevista representa o primeiro contacto pessoal com os candidatos, da\u00ed a import\u00e2ncia da prepara\u00e7\u00e3o de uma boa entrevista de emprego, para que a sele\u00e7\u00e3o do melhor seja uma realidade.<\/p>\n<p>Assim como a entrevista de emprego \u00e9 um desafio para quem \u00e9 entrevistado, tamb\u00e9m \u00e9 um desafio para o entrevistador. Quais as perguntas que devem ser feitas? Que dicas nos d\u00e3o as respostas dos candidatos na entrevista de emprego? Ser\u00e1 que ele(a) est\u00e1 sendo sincero(a) nas suas respostas?<\/p>\n<p>Nem sempre a comunica\u00e7\u00e3o entre entrevistado e entrevistador se d\u00e1 de forma direta e objetiva. H\u00e1 alguns problemas graves (e comuns) que podem acontecer durante uma entrevista e que prejudicam seriamente a efic\u00e1cia da mesma:<\/p>\n<ol>\n<li><strong>Perguntas mal elaboradas<\/strong><\/li>\n<\/ol>\n<p><strong>\u00a0<\/strong>Este \u00e9 o principal problema que pode ocorrer numa entrevista de emprego.<\/p>\n<p>Uma pergunta mal elaborada, ao inv\u00e9s de obter as informa\u00e7\u00f5es corretas, acaba por ter o efeito oposto, distorcendo e prejudicando a comunica\u00e7\u00e3o.<\/p>\n<p><strong>2. Perguntas muito curtas ou muito longas<\/strong><\/p>\n<p>Do mesmo modo que uma pergunta muito curta pode produzir uma resposta igualmente pobre (sim e n\u00e3o), a coloca\u00e7\u00e3o de perguntas muito longas tamb\u00e9m n\u00e3o \u00e9 eficaz j\u00e1 que o entrevistado pode n\u00e3o entend\u00ea-las ou ent\u00e3o entend\u00ea-las de forma errada.<\/p>\n<p>A entrevista de emprego deve ser sempre <strong>direta<\/strong> e <strong>objetiva<\/strong>.<\/p>\n<p><strong>3. Falta de\u00a0compreens\u00e3o das respostas do entrevistado<\/strong><\/p>\n<p><strong>\u00a0<\/strong>Quando o entrevistador n\u00e3o faz uma pergunta bem estruturada, muitas vezes pode obter uma resposta igualmente confusa.<\/p>\n<p>Se durante a entrevista de emprego as respostas do entrevistado n\u00e3o forem bem compreendidas, a mesma n\u00e3o est\u00e1 cumprindo o seu papel de expor o perfil desse candidato. Obviamente, o candidato pode sentir-se inseguro ou desconfort\u00e1vel com algum assunto e usar o truque de dar respostas confusas para enganar o entrevistador, mas nem sempre a culpa \u00e9 dele.<\/p>\n<p>Entender bem uma resposta \u00e9 <strong>importante<\/strong>, pois assim pode-se elaborar melhor a <strong>pr\u00f3xima pergunta<\/strong>.<\/p>\n<p><strong>4. Dura\u00e7\u00e3o da entrevista de emprego<\/strong><\/p>\n<p><strong>\u00a0<\/strong>Esse \u00e9 outro fator muito importante.<\/p>\n<p>Uma boa entrevista n\u00e3o deve ser nem muito longa e nem muito curta. Do mesmo modo que uma entrevista de emprego curta n\u00e3o explora bem o perfil do candidato, uma entrevista de emprego muito longa \u00e9 sinal de que ela n\u00e3o \u00e9 bem conduzida.<\/p>\n<p>O ideal \u00e9 explorar o perfil do candidato durante a entrevista com <strong>perguntas ricas<\/strong>, para poder obter respostas igualmente ricas, tornando o processo mais <strong>denso e esclarecedor<\/strong>.<\/p>\n","protected":false},"excerpt":{"rendered":"<p>Saber selecionar bem um colaborador para a sua empresa nem sempre \u00e9 f\u00e1cil. A entrevista representa o primeiro contacto pessoal [&hellip;]<\/p>\n","protected":false},"author":1,"featured_media":288,"comment_status":"open","ping_status":"open","sticky":false,"template":"","format":"standard","meta":{"site-sidebar-layout":"default","site-content-layout":"","ast-site-content-layout":"default","site-content-style":"default","site-sidebar-style":"default","ast-global-header-display":"","ast-banner-title-visibility":"","ast-main-header-display":"","ast-hfb-above-header-display":"","ast-hfb-below-header-display":"","ast-hfb-mobile-header-display":"","site-post-title":"","ast-breadcrumbs-content":"","ast-featured-img":"","footer-sml-layout":"","ast-disable-related-posts":"","theme-transparent-header-meta":"","adv-header-id-meta":"","stick-header-meta":"","header-above-stick-meta":"","header-main-stick-meta":"","header-below-stick-meta":"","astra-migrate-meta-layouts":"default","ast-page-background-enabled":"default","ast-page-background-meta":{"desktop":{"background-color":"var(--ast-global-color-5)","background-image":"","background-repeat":"repeat","background-position":"center center","background-size":"auto","background-attachment":"scroll","background-type":"","background-media":"","overlay-type":"","overlay-color":"","overlay-opacity":"","overlay-gradient":""},"tablet":{"background-color":"","background-image":"","background-repeat":"repeat","background-position":"center center","background-size":"auto","background-attachment":"scroll","background-type":"","background-media":"","overlay-type":"","overlay-color":"","overlay-opacity":"","overlay-gradient":""},"mobile":{"background-color":"","background-image":"","background-repeat":"repeat","background-position":"center center","background-size":"auto","background-attachment":"scroll","background-type":"","background-media":"","overlay-type":"","overlay-color":"","overlay-opacity":"","overlay-gradient":""}},"ast-content-background-meta":{"desktop":{"background-color":"var(--ast-global-color-4)","background-image":"","background-repeat":"repeat","background-position":"center center","background-size":"auto","background-attachment":"scroll","background-type":"","background-media":"","overlay-type":"","overlay-color":"","overlay-opacity":"","overlay-gradient":""},"tablet":{"background-color":"var(--ast-global-color-4)","background-image":"","background-repeat":"repeat","background-position":"center center","background-size":"auto","background-attachment":"scroll","background-type":"","background-media":"","overlay-type":"","overlay-color":"","overlay-opacity":"","overlay-gradient":""},"mobile":{"background-color":"var(--ast-global-color-4)","background-image":"","background-repeat":"repeat","background-position":"center center","background-size":"auto","background-attachment":"scroll","background-type":"","background-media":"","overlay-type":"","overlay-color":"","overlay-opacity":"","overlay-gradient":""}},"footnotes":""},"categories":[14],"tags":[],"class_list":["post-65","post","type-post","status-publish","format-standard","has-post-thumbnail","hentry","category-recursos-humanos-produtividade-energia-eficacia"],"_links":{"self":[{"href":"https:\/\/www.exceder.pt\/blog\/wp-json\/wp\/v2\/posts\/65","targetHints":{"allow":["GET"]}}],"collection":[{"href":"https:\/\/www.exceder.pt\/blog\/wp-json\/wp\/v2\/posts"}],"about":[{"href":"https:\/\/www.exceder.pt\/blog\/wp-json\/wp\/v2\/types\/post"}],"author":[{"embeddable":true,"href":"https:\/\/www.exceder.pt\/blog\/wp-json\/wp\/v2\/users\/1"}],"replies":[{"embeddable":true,"href":"https:\/\/www.exceder.pt\/blog\/wp-json\/wp\/v2\/comments?post=65"}],"version-history":[{"count":1,"href":"https:\/\/www.exceder.pt\/blog\/wp-json\/wp\/v2\/posts\/65\/revisions"}],"predecessor-version":[{"id":171,"href":"https:\/\/www.exceder.pt\/blog\/wp-json\/wp\/v2\/posts\/65\/revisions\/171"}],"wp:featuredmedia":[{"embeddable":true,"href":"https:\/\/www.exceder.pt\/blog\/wp-json\/wp\/v2\/media\/288"}],"wp:attachment":[{"href":"https:\/\/www.exceder.pt\/blog\/wp-json\/wp\/v2\/media?parent=65"}],"wp:term":[{"taxonomy":"category","embeddable":true,"href":"https:\/\/www.exceder.pt\/blog\/wp-json\/wp\/v2\/categories?post=65"},{"taxonomy":"post_tag","embeddable":true,"href":"https:\/\/www.exceder.pt\/blog\/wp-json\/wp\/v2\/tags?post=65"}],"curies":[{"name":"wp","href":"https:\/\/api.w.org\/{rel}","templated":true}]}}