{"id":52,"date":"2017-01-23T16:47:20","date_gmt":"2017-01-23T16:47:20","guid":{"rendered":"https:\/\/www.exceder.pt\/blog\/colaboradores-dedicados-como-aumentar-o-seu-compromisso\/"},"modified":"2026-04-28T21:14:43","modified_gmt":"2026-04-28T21:14:43","slug":"colaboradores-dedicados-como-aumentar-o-seu-compromisso","status":"publish","type":"post","link":"https:\/\/www.exceder.pt\/blog\/colaboradores-dedicados-como-aumentar-o-seu-compromisso\/","title":{"rendered":"Colaboradores dedicados | Como aumentar o seu compromisso?"},"content":{"rendered":"<p>A globaliza\u00e7\u00e3o \u00e9 um fen\u00f3meno relativamente recente que veio revolucionar as nossas vidas, quer a n\u00edvel pessoal quer a n\u00edvel profissional. Com a globaliza\u00e7\u00e3o (e tamb\u00e9m atrav\u00e9s dela) chegou a Era Digital. N\u00f3s, mais velhos, tivemos que que passar por um processo de aprendizagem e adapta\u00e7\u00e3o a este novo mundo. Mas os mais novos j\u00e1 cresceram com ela, tudo \u00e9 intuitivo e f\u00e1cil. N\u00e3o h\u00e1 d\u00favidas nem complica\u00e7\u00f5es, n\u00e3o v\u00e3o perguntar aos pais, v\u00e3o explicar aos pais\u2026<\/p>\n<p>Profissionalmente, pod\u00edamos escrever um livro s\u00f3 sobre as vantagens e desvantagens da Era Digital nos neg\u00f3cios. Mas vamos focar no essencial para este artigo. Portas abriram-se, com elas vieram as oportunidades. Mas um desafio ficou no ar\u2026como podemos ser uma empresa competitiva e que atraia recursos com potencial? Uma vez que consiga encontrar a pessoa certa\u2026 como fazer com que ela queira ficar? \u00a0As motiva\u00e7\u00f5es v\u00e3o evoluindo, temos de evoluir com elas.<\/p>\n<p>Partilhamos neste post 6 passos no caminho para o sucesso no que diz respeito \u00e0 contrata\u00e7\u00e3o e reten\u00e7\u00e3o de talentos:<\/p>\n<p style=\"text-align: left;\"><strong>Cultura empresarial <\/strong><\/p>\n<p><img fetchpriority=\"high\" decoding=\"async\" loading=\"eager\" class=\"wp-image-1068 alignleft\" src=\"https:\/\/www.exceder.pt\/blog\/wp-content\/uploads\/2017\/01\/d-300x143.png\" alt=\"\" width=\"376\" height=\"179\" srcset=\"https:\/\/www.exceder.pt\/blog\/wp-content\/uploads\/2017\/01\/d-300x143.png 300w, https:\/\/www.exceder.pt\/blog\/wp-content\/uploads\/2017\/01\/d-600x286.png 600w, https:\/\/www.exceder.pt\/blog\/wp-content\/uploads\/2017\/01\/d-768x367.png 768w, https:\/\/www.exceder.pt\/blog\/wp-content\/uploads\/2017\/01\/d-1024x488.png 1024w, https:\/\/www.exceder.pt\/blog\/wp-content\/uploads\/2017\/01\/d.png 1232w\" sizes=\"(max-width: 376px) 100vw, 376px\" \/><\/p>\n<p>Antes de dar a conhecer a sua empresa ao mundo deve, antes de mais, ter uma cultural empresarial estruturada e s\u00f3lida. Pontos fundamentais como a miss\u00e3o, vis\u00e3o, valores, t\u00eam de ser partilhados. Outros pontos fundamentais que v\u00e3o ao encontro do que as pessoas procuram numa empresa s\u00e3o os objetivos de neg\u00f3cio, a situa\u00e7\u00e3o atual da empresa. Toda esta informa\u00e7\u00e3o tem de estar atualizada e tem de ir ao encontro do que realmente se passa na empresa.<\/p>\n<p style=\"text-align: right;\"><strong>Transpar\u00eancia<\/strong><\/p>\n<p><img decoding=\"async\" loading=\"eager\" class=\"alignnone size-medium wp-image-1071 alignright\" src=\"https:\/\/www.exceder.pt\/blog\/wp-content\/uploads\/2017\/01\/light-bulb-idea2-1-300x198.jpg\" alt=\"\" width=\"300\" height=\"199\" srcset=\"https:\/\/www.exceder.pt\/blog\/wp-content\/uploads\/2017\/01\/light-bulb-idea2-1-300x198.jpg 300w, https:\/\/www.exceder.pt\/blog\/wp-content\/uploads\/2017\/01\/light-bulb-idea2-1-600x398.jpg 600w, https:\/\/www.exceder.pt\/blog\/wp-content\/uploads\/2017\/01\/light-bulb-idea2-1-768x508.jpg 768w, https:\/\/www.exceder.pt\/blog\/wp-content\/uploads\/2017\/01\/light-bulb-idea2-1.jpg 800w\" sizes=\"(max-width: 300px) 100vw, 300px\" \/><\/p>\n<p>Trabalhada a cultura empresarial \u00e9 fundamental n\u00e3o esquecer que n\u00e3o pode comunicar que a empresa se rege por uma miss\u00e3o se os seus colaboradores n\u00e3o a conhecem. Tem de comunicar externa e internamente. Agora a quest\u00e3o \u00e9\u2026com que imagem? A imagem que quer passar tem de ser coerente com os conte\u00fados que partilha. Ou seja, a transpar\u00eancia \u00e9 essencial para que esta rela\u00e7\u00e3o resulte. Isto porque se contrata algu\u00e9m, e a experi\u00eancia de trabalho n\u00e3o est\u00e1 de acordo com o que lhe foi \u201cvendido\u201d, vai perder o talento que acabou de entrar. Mostre orgulhosamente como \u00e9 trabalhar na sua empresa. As instala\u00e7\u00f5es, o ambiente de trabalho, a equipa\u2026Tudo o que comunique cultura organizacional. Ao partilhar mostra que tem orgulho na empresa. Todos querem trabalhar numa empresa em que a equipa veste a camisola, \u00e9 sinal que est\u00e3o contentes com o trabalho.<\/p>\n<p style=\"text-align: left;\"><strong>The One<\/strong><\/p>\n<p><img decoding=\"async\" loading=\"eager\" class=\"alignnone size-medium wp-image-1072 alignleft\" src=\"https:\/\/www.exceder.pt\/blog\/wp-content\/uploads\/2017\/01\/pexels-photo-199497-300x199.png\" alt=\"\" width=\"300\" height=\"199\" srcset=\"https:\/\/www.exceder.pt\/blog\/wp-content\/uploads\/2017\/01\/pexels-photo-199497-300x199.png 300w, https:\/\/www.exceder.pt\/blog\/wp-content\/uploads\/2017\/01\/pexels-photo-199497-600x398.png 600w, https:\/\/www.exceder.pt\/blog\/wp-content\/uploads\/2017\/01\/pexels-photo-199497.png 640w\" sizes=\"(max-width: 300px) 100vw, 300px\" \/><br \/>\n H\u00e1 muitas maneiras de chegar at\u00e9 \u00e0 pessoa certa para um determinado cargo. Dois m\u00e9todos de pesquisa que n\u00e3o deve descartar s\u00e3o as redes sociais e os seus atuais colaboradores. A recomenda\u00e7\u00e3o de algu\u00e9m que j\u00e1 trabalhou com um candidato e que conhece o seu potencial \u00a0na pr\u00e1tica pode-lhe poupar meses de busca.<\/p>\n<p style=\"text-align: right;\"><strong>Primeiro contacto<\/strong><\/p>\n<p><img decoding=\"async\" loading=\"eager\" class=\"alignnone size-medium wp-image-1073 alignright\" src=\"https:\/\/www.exceder.pt\/blog\/wp-content\/uploads\/2017\/01\/pexels-photo-70292-300x199.jpeg\" alt=\"\" width=\"300\" height=\"200\" srcset=\"https:\/\/www.exceder.pt\/blog\/wp-content\/uploads\/2017\/01\/pexels-photo-70292-300x199.jpeg 300w, https:\/\/www.exceder.pt\/blog\/wp-content\/uploads\/2017\/01\/pexels-photo-70292-600x400.jpeg 600w, https:\/\/www.exceder.pt\/blog\/wp-content\/uploads\/2017\/01\/pexels-photo-70292.jpeg 640w\" sizes=\"(max-width: 300px) 100vw, 300px\" \/><br \/>\n Da mesma maneira que n\u00e3o espera que o discurso do seu potencial colaborador seja mec\u00e2nico e igual ao de tantos outros, o seu tamb\u00e9m n\u00e3o dever\u00e1 ser. A entrevista dever\u00e1 ser descontra\u00edda para que possa avaliar certos elementos que de outra forma n\u00e3o ser\u00e1 poss\u00edvel avaliar. Seja sincero em rela\u00e7\u00e3o \u00e0s expectativas que tem para com o candidato para que ele possa perceber se v\u00e3o ao encontro das expectativas dele.<\/p>\n<p>Da mesma forma que est\u00e1 a avaliar, tamb\u00e9m o candidato est\u00e1 a avaliar se esta \u00e9 uma empresa em que gostava de trabalhar, nunca se esque\u00e7a disso e mantenha sempre presente as caracter\u00edsticas diferenciadoras da sua empresa. o que tem para lhe oferecer que as outras empresas n\u00e3o t\u00eam?<\/p>\n<p style=\"text-align: left;\"><strong>Equipa <\/strong><\/p>\n<p><img decoding=\"async\" loading=\"eager\" class=\"alignnone size-medium wp-image-939 alignleft\" src=\"https:\/\/www.exceder.pt\/blog\/wp-content\/uploads\/2016\/12\/small-groups1-300x168.jpg\" alt=\"\" width=\"300\" height=\"169\" srcset=\"https:\/\/www.exceder.pt\/blog\/wp-content\/uploads\/2016\/12\/small-groups1-300x168.jpg 300w, https:\/\/www.exceder.pt\/blog\/wp-content\/uploads\/2016\/12\/small-groups1.jpg 600w\" sizes=\"(max-width: 300px) 100vw, 300px\" \/><br \/>\n Se os seus colaboradores s\u00e3o importantes para si, envolva-os num sentimento de perten\u00e7a. Por exemplo, comemore ocasi\u00f5es como os anivers\u00e1rio, a antiguidade, a maternidade\/ paternidade, convide-os \u00a0para eventos corporativos, festas de Natal entre tantas coisas mais que podem ser feitas. Nunca se esque\u00e7a de que os seus colaboradores passam mais horas a trabalhar do que em casa, por isso a empresa deve ser uma esp\u00e9cie de segunda fam\u00edlia\/ casa.<\/p>\n<p style=\"text-align: right;\"><strong>\u00a0<\/strong><strong>Remunera\u00e7\u00e3o<\/strong><\/p>\n<p><img decoding=\"async\" loading=\"eager\" class=\"alignnone size-medium wp-image-686 alignright\" src=\"https:\/\/www.exceder.pt\/blog\/wp-content\/uploads\/2016\/10\/pexels-photo-264003-300x251.jpg\" alt=\"\" width=\"300\" height=\"251\" srcset=\"https:\/\/www.exceder.pt\/blog\/wp-content\/uploads\/2016\/10\/pexels-photo-264003-300x251.jpg 300w, https:\/\/www.exceder.pt\/blog\/wp-content\/uploads\/2016\/10\/pexels-photo-264003.jpg 400w\" sizes=\"(max-width: 300px) 100vw, 300px\" \/><\/p>\n<p>O dinheiro n\u00e3o \u00e9 a \u00fanica motiva\u00e7\u00e3o dos seus colaboradores, j\u00e1 vimos alguns pontos que influenciam bastante o bem-estar e motiva\u00e7\u00e3o de quem passa o dia a trabalhar. Mas, ainda assim, tem alguma influ\u00eancia. Deve ser adequado \u00e0 quantidade, qualidade e responsabilidade inerentes \u00e0 fun\u00e7\u00e3o respetiva.<\/p>\n<p>O que tamb\u00e9m pode ajudar e que n\u00e3o implica diretamente um aumento salarial \u00e9 a forma\u00e7\u00e3o, o acesso a um seguro de sa\u00fade, dispositivos m\u00f3veis, entre outros.<\/p>\n<p>A reten\u00e7\u00e3o dos seus colaboradores passa em grande medida por fazer com que eles se sintam contentes com as fun\u00e7\u00f5es que desempenham, motivados e totalmente integrados e confort\u00e1veis com a equipa.<\/p>\n<p><img decoding=\"async\" loading=\"eager\" class=\"size-medium wp-image-590 alignleft\" src=\"https:\/\/www.exceder.pt\/blog\/wp-content\/uploads\/2016\/09\/logo-png-249x300.png\" alt=\"\" width=\"249\" height=\"300\" srcset=\"https:\/\/www.exceder.pt\/blog\/wp-content\/uploads\/2016\/09\/logo-png-249x300.png 249w, https:\/\/www.exceder.pt\/blog\/wp-content\/uploads\/2016\/09\/logo-png-600x724.png 600w, https:\/\/www.exceder.pt\/blog\/wp-content\/uploads\/2016\/09\/logo-png-768x927.png 768w, https:\/\/www.exceder.pt\/blog\/wp-content\/uploads\/2016\/09\/logo-png.png 833w\" sizes=\"(max-width: 249px) 100vw, 249px\" \/><\/p>\n<p>&nbsp;<\/p>\n<p>Este \u00e9 um desafio di\u00e1rio na exceder. Trabalhamos diariamente para criar profissionais motivados e competentes, quer eles fiquem ou n\u00e3o na empresa. O importante \u00e9 manter a qualidade das equipas e fazer parte de um percurso de sucesso.<\/p>\n<p>&nbsp;<\/p>\n<p>Que o colaborador que entra hoje na exceder tenha orgulho e projete esse mesmo orgulho em cada uma das suas vendas!<\/p>\n<p>&nbsp;<\/p>\n<p>&nbsp;<\/p>\n","protected":false},"excerpt":{"rendered":"<p>A globaliza\u00e7\u00e3o \u00e9 um fen\u00f3meno relativamente recente que veio revolucionar as nossas vidas, quer a n\u00edvel pessoal quer a n\u00edvel [&hellip;]<\/p>\n","protected":false},"author":1,"featured_media":425,"comment_status":"open","ping_status":"open","sticky":false,"template":"","format":"standard","meta":{"site-sidebar-layout":"default","site-content-layout":"","ast-site-content-layout":"default","site-content-style":"default","site-sidebar-style":"default","ast-global-header-display":"","ast-banner-title-visibility":"","ast-main-header-display":"","ast-hfb-above-header-display":"","ast-hfb-below-header-display":"","ast-hfb-mobile-header-display":"","site-post-title":"","ast-breadcrumbs-content":"","ast-featured-img":"","footer-sml-layout":"","ast-disable-related-posts":"","theme-transparent-header-meta":"","adv-header-id-meta":"","stick-header-meta":"","header-above-stick-meta":"","header-main-stick-meta":"","header-below-stick-meta":"","astra-migrate-meta-layouts":"default","ast-page-background-enabled":"default","ast-page-background-meta":{"desktop":{"background-color":"var(--ast-global-color-5)","background-image":"","background-repeat":"repeat","background-position":"center center","background-size":"auto","background-attachment":"scroll","background-type":"","background-media":"","overlay-type":"","overlay-color":"","overlay-opacity":"","overlay-gradient":""},"tablet":{"background-color":"","background-image":"","background-repeat":"repeat","background-position":"center center","background-size":"auto","background-attachment":"scroll","background-type":"","background-media":"","overlay-type":"","overlay-color":"","overlay-opacity":"","overlay-gradient":""},"mobile":{"background-color":"","background-image":"","background-repeat":"repeat","background-position":"center center","background-size":"auto","background-attachment":"scroll","background-type":"","background-media":"","overlay-type":"","overlay-color":"","overlay-opacity":"","overlay-gradient":""}},"ast-content-background-meta":{"desktop":{"background-color":"var(--ast-global-color-4)","background-image":"","background-repeat":"repeat","background-position":"center center","background-size":"auto","background-attachment":"scroll","background-type":"","background-media":"","overlay-type":"","overlay-color":"","overlay-opacity":"","overlay-gradient":""},"tablet":{"background-color":"var(--ast-global-color-4)","background-image":"","background-repeat":"repeat","background-position":"center center","background-size":"auto","background-attachment":"scroll","background-type":"","background-media":"","overlay-type":"","overlay-color":"","overlay-opacity":"","overlay-gradient":""},"mobile":{"background-color":"var(--ast-global-color-4)","background-image":"","background-repeat":"repeat","background-position":"center center","background-size":"auto","background-attachment":"scroll","background-type":"","background-media":"","overlay-type":"","overlay-color":"","overlay-opacity":"","overlay-gradient":""}},"footnotes":""},"categories":[11,14],"tags":[],"class_list":["post-52","post","type-post","status-publish","format-standard","has-post-thumbnail","hentry","category-dicas-de-gestao","category-recursos-humanos-produtividade-energia-eficacia"],"_links":{"self":[{"href":"https:\/\/www.exceder.pt\/blog\/wp-json\/wp\/v2\/posts\/52","targetHints":{"allow":["GET"]}}],"collection":[{"href":"https:\/\/www.exceder.pt\/blog\/wp-json\/wp\/v2\/posts"}],"about":[{"href":"https:\/\/www.exceder.pt\/blog\/wp-json\/wp\/v2\/types\/post"}],"author":[{"embeddable":true,"href":"https:\/\/www.exceder.pt\/blog\/wp-json\/wp\/v2\/users\/1"}],"replies":[{"embeddable":true,"href":"https:\/\/www.exceder.pt\/blog\/wp-json\/wp\/v2\/comments?post=52"}],"version-history":[{"count":1,"href":"https:\/\/www.exceder.pt\/blog\/wp-json\/wp\/v2\/posts\/52\/revisions"}],"predecessor-version":[{"id":158,"href":"https:\/\/www.exceder.pt\/blog\/wp-json\/wp\/v2\/posts\/52\/revisions\/158"}],"wp:featuredmedia":[{"embeddable":true,"href":"https:\/\/www.exceder.pt\/blog\/wp-json\/wp\/v2\/media\/425"}],"wp:attachment":[{"href":"https:\/\/www.exceder.pt\/blog\/wp-json\/wp\/v2\/media?parent=52"}],"wp:term":[{"taxonomy":"category","embeddable":true,"href":"https:\/\/www.exceder.pt\/blog\/wp-json\/wp\/v2\/categories?post=52"},{"taxonomy":"post_tag","embeddable":true,"href":"https:\/\/www.exceder.pt\/blog\/wp-json\/wp\/v2\/tags?post=52"}],"curies":[{"name":"wp","href":"https:\/\/api.w.org\/{rel}","templated":true}]}}