{"id":46,"date":"2017-10-24T08:20:26","date_gmt":"2017-10-24T08:20:26","guid":{"rendered":"https:\/\/www.exceder.pt\/blog\/como-ser-produtivo-no-trabalho\/"},"modified":"2026-04-28T21:14:22","modified_gmt":"2026-04-28T21:14:22","slug":"como-ser-produtivo-no-trabalho","status":"publish","type":"post","link":"https:\/\/www.exceder.pt\/blog\/como-ser-produtivo-no-trabalho\/","title":{"rendered":"Como ser produtivo no trabalho?"},"content":{"rendered":"<figure class=\"wp-block-image size-large\"><img fetchpriority=\"high\" decoding=\"async\" loading=\"eager\" width=\"1024\" height=\"538\" src=\"https:\/\/www.exceder.pt\/blog\/wp-content\/uploads\/2023\/05\/Exceder-_-Wordpress-_-006-_-2023-1024x537.png\" alt=\"\" class=\"wp-image-2109\" srcset=\"https:\/\/www.exceder.pt\/blog\/wp-content\/uploads\/2023\/05\/Exceder-_-Wordpress-_-006-_-2023-1024x537.png 1024w, https:\/\/www.exceder.pt\/blog\/wp-content\/uploads\/2023\/05\/Exceder-_-Wordpress-_-006-_-2023-300x157.png 300w, https:\/\/www.exceder.pt\/blog\/wp-content\/uploads\/2023\/05\/Exceder-_-Wordpress-_-006-_-2023-768x403.png 768w, https:\/\/www.exceder.pt\/blog\/wp-content\/uploads\/2023\/05\/Exceder-_-Wordpress-_-006-_-2023.png 1200w\" sizes=\"(max-width: 1024px) 100vw, 1024px\" \/><\/figure>\n<p>O dia tem 24 horas e, por isso, \u00e9 importante aproveitar ao m\u00e1ximo. Por vezes, chegamos ao fim do dia insatisfeitos pelo facto de n\u00e3o termos feito tudo o que pretend\u00edamos. Porque \u00e9 que isto acontece? Os motivos s\u00e3o variados, o foco em falhan\u00e7os, m\u00e1 gest\u00e3o de prioridades\u2026enfim uma pan\u00f3plia de possibilidades. Rev\u00ea-se neste cen\u00e1rio? N\u00e3o desespere! Estamos aqui para ajudar<strong>\u00a0<\/strong><\/p>\n<p>\u00a0<\/p>\n<p>Como a vida n\u00e3o \u00e9 s\u00f3 trabalho, \u00e9 preciso conseguir obter o m\u00e1ximo de produtividade durante um dia de trabalho, a fim de se evitar as tais horas extraordin\u00e1rias, sugerimos aqui 5 dicas:<\/p>\n<p><strong>1.Priorizar as tarefas<\/strong><\/p>\n<p>Uma boa dica para aumentar a produtividade \u00e9 gerir a prioridade das tarefas. Para tal, pode-se dividir as tarefas em categorias: cr\u00edtica, importante, mais tarde e mais cedo. A categoria cr\u00edtica, tal como o pr\u00f3prio nome indica, \u00e9 a mais urgente, ou seja, \u00e9 tudo o que tem de ser feito hoje ou n\u00e3o se pode sair do trabalho. As tarefas importantes s\u00e3o aquelas que se t\u00eam de fazer nos pr\u00f3ximos dias ou sofre-se uma consequ\u00eancia, como perder dinheiro, por exemplo, e ningu\u00e9m gosta de perder dinheiro. As restantes tarefas, posteriormente, s\u00e3o categorizadas como a serem realizadas mais cedo ou mais tarde.<\/p>\n<p>\u00a0<\/p>\n<p><strong>2. Reduzir as multi-tarefas<\/strong><\/p>\n<p>Estamos na era do multi-tasking mas, por vezes, fazer mais do que uma tarefa ao mesmo tempo\u00a0 pode ser mais prejudicial do que ben\u00e9fico. Estudos recentes demonstram que pessoas que tentam fazer duas ou mais tarefas em simult\u00e2neo acabam por se distrair e prejudicar o desempenho no trabalho, por isso, cuidado com as multi-tarefas. A melhor solu\u00e7\u00e3o \u00e9 terminar uma tarefa e siga para a outra!<\/p>\n<p>\u00a0<\/p>\n<p><strong>3. Manter uma lista de tudo o que est\u00e1 em espera<\/strong><\/p>\n<p>Atrav\u00e9s de uma lista de tudo o que est\u00e1 em espera, asseguramo-nos de que nada importante nos ir\u00e1 escapar e assim n\u00e3o ter\u00e1 que se preocupar com as pessoas de quem est\u00e1 a depender e poder\u00e1 focar-se nas suas tarefas.<\/p>\n<p>\u00a0<\/p>\n<p><strong>4. Pe\u00e7a ajuda<\/strong><\/p>\n<p>A ajuda \u00e9 algo que todos precisamos alguma vez na vida. A n\u00edvel profissional, \u00e9 essencial pedir ajuda, muitas vezes sentimos que n\u00e3o temos confian\u00e7a suficiente ou, de certa forma, minimizados por estarmos a pedir ajuda aos colegas. \u00c9 preciso ultrapassar estas barreiras, por isso esque\u00e7a essas ideias! H\u00e1 tarefas que t\u00eam uma dimens\u00e3o significativa e que s\u00e3o mais complexas, exigindo mais do que uma pessoa e, neste sentido, \u00e9 importante trabalhar em equipa. Facilite a sua vida e pe\u00e7a ajuda!<\/p>\n<p>\u00a0<\/p>\n<p><strong>5. Foque-se nos pontos positivos<\/strong><\/p>\n<p>Errar, todos erramos, mas n\u00e3o nos podemos focar \u00fanica e exclusivamente nisso, \u00e9 prejudicial ao nosso desempenho e afeta-nos ao n\u00edvel da produtividade. Pode parecer algo simples, mas na verdade, ser mais positivo aumenta a produtividade. Foque-se em todas as vezes que contribuiu para a sua equipa de forma positiva, de certeza que s\u00e3o mais do que imagina. \u00c9 simples, seja positivo, aumente o seu astral e a sua produtividade ir\u00e1 disparar!<\/p>\n<p>\u00a0<\/p>\n","protected":false},"excerpt":{"rendered":"<p>O dia tem 24 horas e, por isso, \u00e9 importante aproveitar ao m\u00e1ximo. Por vezes, chegamos ao fim do dia [&hellip;]<\/p>\n","protected":false},"author":1,"featured_media":571,"comment_status":"open","ping_status":"open","sticky":false,"template":"","format":"standard","meta":{"site-sidebar-layout":"default","site-content-layout":"","ast-site-content-layout":"default","site-content-style":"default","site-sidebar-style":"default","ast-global-header-display":"","ast-banner-title-visibility":"","ast-main-header-display":"","ast-hfb-above-header-display":"","ast-hfb-below-header-display":"","ast-hfb-mobile-header-display":"","site-post-title":"","ast-breadcrumbs-content":"","ast-featured-img":"","footer-sml-layout":"","ast-disable-related-posts":"","theme-transparent-header-meta":"","adv-header-id-meta":"","stick-header-meta":"","header-above-stick-meta":"","header-main-stick-meta":"","header-below-stick-meta":"","astra-migrate-meta-layouts":"default","ast-page-background-enabled":"default","ast-page-background-meta":{"desktop":{"background-color":"var(--ast-global-color-5)","background-image":"","background-repeat":"repeat","background-position":"center center","background-size":"auto","background-attachment":"scroll","background-type":"","background-media":"","overlay-type":"","overlay-color":"","overlay-opacity":"","overlay-gradient":""},"tablet":{"background-color":"","background-image":"","background-repeat":"repeat","background-position":"center center","background-size":"auto","background-attachment":"scroll","background-type":"","background-media":"","overlay-type":"","overlay-color":"","overlay-opacity":"","overlay-gradient":""},"mobile":{"background-color":"","background-image":"","background-repeat":"repeat","background-position":"center center","background-size":"auto","background-attachment":"scroll","background-type":"","background-media":"","overlay-type":"","overlay-color":"","overlay-opacity":"","overlay-gradient":""}},"ast-content-background-meta":{"desktop":{"background-color":"var(--ast-global-color-4)","background-image":"","background-repeat":"repeat","background-position":"center center","background-size":"auto","background-attachment":"scroll","background-type":"","background-media":"","overlay-type":"","overlay-color":"","overlay-opacity":"","overlay-gradient":""},"tablet":{"background-color":"var(--ast-global-color-4)","background-image":"","background-repeat":"repeat","background-position":"center center","background-size":"auto","background-attachment":"scroll","background-type":"","background-media":"","overlay-type":"","overlay-color":"","overlay-opacity":"","overlay-gradient":""},"mobile":{"background-color":"var(--ast-global-color-4)","background-image":"","background-repeat":"repeat","background-position":"center center","background-size":"auto","background-attachment":"scroll","background-type":"","background-media":"","overlay-type":"","overlay-color":"","overlay-opacity":"","overlay-gradient":""}},"footnotes":""},"categories":[11,4,6],"tags":[],"class_list":["post-46","post","type-post","status-publish","format-standard","has-post-thumbnail","hentry","category-dicas-de-gestao","category-equipas","category-outsourcing-vendas"],"_links":{"self":[{"href":"https:\/\/www.exceder.pt\/blog\/wp-json\/wp\/v2\/posts\/46","targetHints":{"allow":["GET"]}}],"collection":[{"href":"https:\/\/www.exceder.pt\/blog\/wp-json\/wp\/v2\/posts"}],"about":[{"href":"https:\/\/www.exceder.pt\/blog\/wp-json\/wp\/v2\/types\/post"}],"author":[{"embeddable":true,"href":"https:\/\/www.exceder.pt\/blog\/wp-json\/wp\/v2\/users\/1"}],"replies":[{"embeddable":true,"href":"https:\/\/www.exceder.pt\/blog\/wp-json\/wp\/v2\/comments?post=46"}],"version-history":[{"count":1,"href":"https:\/\/www.exceder.pt\/blog\/wp-json\/wp\/v2\/posts\/46\/revisions"}],"predecessor-version":[{"id":153,"href":"https:\/\/www.exceder.pt\/blog\/wp-json\/wp\/v2\/posts\/46\/revisions\/153"}],"wp:featuredmedia":[{"embeddable":true,"href":"https:\/\/www.exceder.pt\/blog\/wp-json\/wp\/v2\/media\/571"}],"wp:attachment":[{"href":"https:\/\/www.exceder.pt\/blog\/wp-json\/wp\/v2\/media?parent=46"}],"wp:term":[{"taxonomy":"category","embeddable":true,"href":"https:\/\/www.exceder.pt\/blog\/wp-json\/wp\/v2\/categories?post=46"},{"taxonomy":"post_tag","embeddable":true,"href":"https:\/\/www.exceder.pt\/blog\/wp-json\/wp\/v2\/tags?post=46"}],"curies":[{"name":"wp","href":"https:\/\/api.w.org\/{rel}","templated":true}]}}