{"id":41,"date":"2018-03-14T14:30:40","date_gmt":"2018-03-14T14:30:40","guid":{"rendered":"https:\/\/www.exceder.pt\/blog\/quebra-de-vendas\/"},"modified":"2026-04-28T21:14:08","modified_gmt":"2026-04-28T21:14:08","slug":"quebra-de-vendas","status":"publish","type":"post","link":"https:\/\/www.exceder.pt\/blog\/quebra-de-vendas\/","title":{"rendered":"Porque \u00e9 que a sua empresa n\u00e3o vende?"},"content":{"rendered":"<p>N\u00e3o \u00e9 f\u00e1cil ultrapassar uma crise de vendas \u2013 quer seja por fatores internos (motiva\u00e7\u00e3o da equipa de comerciais) ou at\u00e9 por fatores externos (ind\u00fastria em decr\u00e9scimo ou perda de poder de compra por parte dos consumidores) \u2013 mas \u00e9 absolutamente necess\u00e1rio encontrar a solu\u00e7\u00e3o e contornar o problema para a vitalidade do seu neg\u00f3cio.<\/p>\n<p><strong>Necessidade n\u00e3o estar a ser satisfeita<\/strong><\/p>\n<p>Este ser\u00e1 o primeiro ponto sobre o qual de<span style=\"font-size: 1rem;\">ve refletir<\/span><span style=\"font-size: 1rem;\">\u00a0\u2013 que tipo de necessidade o meu produto satisfaz?<\/span><\/p>\n<p>Imagine que estamos a falar de um produto sazonal ou de um produto direcionado para um nicho. Ser\u00e1 assim t\u00e3o estranho existir uma quebra de vendas de gelados no Inverno ou diminui\u00e7\u00e3o da procura por casacos no Ver\u00e3o?<\/p>\n<p>Por outro lado, devemos pensar se o cliente sente a necessidade total de usar o nosso produto no dia-a-dia ou se \u201cvive sem o produto\u201d. O que motivou a perda de interesse \u2013 o produto tornou-se obsoleto, o mercado est\u00e1 saturado ou o existe um concorrente direto em ascens\u00e3o?<\/p>\n<p><img fetchpriority=\"high\" decoding=\"async\" loading=\"eager\" class=\"size-medium wp-image-1285 aligncenter\" src=\"https:\/\/www.exceder.pt\/blog\/wp-content\/uploads\/2018\/03\/e82c04e67665ffe7dba82ab23d630208-300x214.jpg\" alt=\"\" width=\"300\" height=\"214\" srcset=\"https:\/\/www.exceder.pt\/blog\/wp-content\/uploads\/2018\/03\/e82c04e67665ffe7dba82ab23d630208-300x214.jpg 300w, https:\/\/www.exceder.pt\/blog\/wp-content\/uploads\/2018\/03\/e82c04e67665ffe7dba82ab23d630208.jpg 564w\" sizes=\"(max-width: 300px) 100vw, 300px\" \/><\/p>\n<p><strong>Opini\u00f5es e avalia\u00e7\u00f5es negativas<\/strong><\/p>\n<p>N\u00e3o basta apenas aparecer nos principais websites da especialidade e dos jornais e revistas nacionais \u2013 h\u00e1 sempre um lado mais informal da informa\u00e7\u00e3o.<\/p>\n<p>F\u00f3runs de Facebook, f\u00f3runs de LinkedIn, um coment\u00e1rio na pr\u00f3pria p\u00e1gina da empresa ou uma reclama\u00e7\u00e3o tornada p\u00fablica podem ser formas dos consumidores exprimirem a sua opini\u00e3o sobre o produto ou a marca com uma assist\u00eancia de alguns milhares de outros consumidores.<\/p>\n<p>Por exemplo, no caso de ter um produto para os beb\u00e9s ou mulheres que foram m\u00e3es recentemente, o Facebook tem v\u00e1rios grupos dedicados \u00e0s perguntas sobre papas, fraldas ou roupa para o beb\u00e9, onde at\u00e9 as marcas j\u00e1 participam e t\u00eam um papel de quase mediadores.<\/p>\n<p><strong>Target mal definido<\/strong><\/p>\n<p>Outro fator de reflex\u00e3o que \u00e9 bastante importante \u00e9 o facto de avaliar sobre quem recai o foco da empresa e do produto. Por vezes, a falha n\u00e3o est\u00e1 no produto em si, nas suas qualidades ou fatores internos, mas sim no planeamento por n\u00f3s criado.<\/p>\n<p>Utilizando a terminologia do ponto 1, se criamos um produto ou servi\u00e7o foi para corresponder uma necessidade sentida no mercado. Mas ser\u00e1 que soubemos identificar acertadamente quem a sentiu?<\/p>\n<p><strong>Como \u00e9 o ambiente no seu espa\u00e7o de venda?<\/strong><\/p>\n<p>Nunca lhe aconteceu n\u00e3o voltar a um restaurante por n\u00e3o ter gostado do servi\u00e7o prestando ou do ru\u00eddo, mesmo tendo apreciado a comida?<\/p>\n<p>Cada vez mais o processo de compra est\u00e1 muito mais associado a uma experi\u00eancia e atividade sensorial, \u00e9 mais do que um simples ato. A simpatia dos funcion\u00e1rios, o cheiro da loja (\u00e9 normal associar um determinado cheiro a uma loja \u2013 comum nas loja de moda feminina) ou a forma como \u00e9 f\u00e1cil descobrir os produtos ou \u00e1reas de interesse enquanto navega pelo espa\u00e7o.<\/p>\n<p><img decoding=\"async\" loading=\"eager\" class=\"size-medium wp-image-1289 aligncenter\" style=\"font-size: 1rem;\" src=\"https:\/\/www.exceder.pt\/blog\/wp-content\/uploads\/2018\/03\/2de9650f87e43d74223becc8e7907448-300x207.jpg\" alt=\"\" width=\"300\" height=\"209\" srcset=\"https:\/\/www.exceder.pt\/blog\/wp-content\/uploads\/2018\/03\/2de9650f87e43d74223becc8e7907448-300x207.jpg 300w, https:\/\/www.exceder.pt\/blog\/wp-content\/uploads\/2018\/03\/2de9650f87e43d74223becc8e7907448.jpg 564w\" sizes=\"(max-width: 300px) 100vw, 300px\" \/><\/p>\n<p>&nbsp;<\/p>\n<p><strong>Fraca acessibilidade <\/strong><\/p>\n<p>Um pouco \u00e0 semelhan\u00e7a do ponto 3, por vezes n\u00e3o se passa nada de errado com o produto ou mesmo com a nossa forma de comunica\u00e7\u00e3o, mas sim com a acessibilidade do p\u00fablico para com o produto.<\/p>\n<p>\u00c9 importante avaliar junto da sua equipa de comerciais como tem sido desenvolvida a estrat\u00e9gia de distribui\u00e7\u00e3o e posicionamento , ou seja, se justifica o produto estar em mais pontos de venda da zona ou se, dentro das lojas representadas, o produto se encontra visivel e na sec\u00e7\u00e3o correta.<\/p>\n<p><strong>Ruturas<\/strong><\/p>\n<p>Pode n\u00e3o parecer um tema com uma import\u00e2ncia extrema, mas acredite que as ruturas de stock s\u00e3o respons\u00e1veis por cerca de 5 a 10% da quebra das vendas \u2013 e ir\u00e1 ter impacto na pr\u00f3pria avalia\u00e7\u00e3o da empresa, por parte dos clientes.<\/p>\n<p>Tente adotar um sistema de supervis\u00e3o do produto tendo como base equipas comercias, sistemas de report e de an\u00e1lise e de contacto com o fornecedor, de modo a controlar e estar alerta para eventuais situa\u00e7\u00f5es de rutura. Como mais valia, ir\u00e1 ter uma presen\u00e7a mais forte do produto, aliado a um bom posicionamento e clara estrat\u00e9gia de produto.<\/p>\n<p><img decoding=\"async\" loading=\"eager\" class=\"wp-image-1299 aligncenter\" src=\"https:\/\/www.exceder.pt\/blog\/wp-content\/uploads\/2018\/03\/Logo-sem-background-247x300.png\" alt=\"\" width=\"111\" height=\"135\" srcset=\"https:\/\/www.exceder.pt\/blog\/wp-content\/uploads\/2018\/03\/Logo-sem-background-247x300.png 247w, https:\/\/www.exceder.pt\/blog\/wp-content\/uploads\/2018\/03\/Logo-sem-background.png 277w\" sizes=\"(max-width: 111px) 100vw, 111px\" \/><\/p>\n<p>Para a Exceder, n\u00e3o existe melhor forma de assegurar a estabilidade nos n\u00edveis de vendas e a rotatividade do produto em loja que apostar nas equipas de comerciais especializados e devidamente formadas na sua \u00e1rea de neg\u00f3cio.<\/p>\n","protected":false},"excerpt":{"rendered":"<p>N\u00e3o \u00e9 f\u00e1cil ultrapassar uma crise de vendas \u2013 quer seja por fatores internos (motiva\u00e7\u00e3o da equipa de comerciais) ou [&hellip;]<\/p>\n","protected":false},"author":1,"featured_media":521,"comment_status":"open","ping_status":"open","sticky":false,"template":"","format":"standard","meta":{"site-sidebar-layout":"default","site-content-layout":"","ast-site-content-layout":"default","site-content-style":"default","site-sidebar-style":"default","ast-global-header-display":"","ast-banner-title-visibility":"","ast-main-header-display":"","ast-hfb-above-header-display":"","ast-hfb-below-header-display":"","ast-hfb-mobile-header-display":"","site-post-title":"","ast-breadcrumbs-content":"","ast-featured-img":"","footer-sml-layout":"","ast-disable-related-posts":"","theme-transparent-header-meta":"","adv-header-id-meta":"","stick-header-meta":"","header-above-stick-meta":"","header-main-stick-meta":"","header-below-stick-meta":"","astra-migrate-meta-layouts":"default","ast-page-background-enabled":"default","ast-page-background-meta":{"desktop":{"background-color":"var(--ast-global-color-5)","background-image":"","background-repeat":"repeat","background-position":"center center","background-size":"auto","background-attachment":"scroll","background-type":"","background-media":"","overlay-type":"","overlay-color":"","overlay-opacity":"","overlay-gradient":""},"tablet":{"background-color":"","background-image":"","background-repeat":"repeat","background-position":"center center","background-size":"auto","background-attachment":"scroll","background-type":"","background-media":"","overlay-type":"","overlay-color":"","overlay-opacity":"","overlay-gradient":""},"mobile":{"background-color":"","background-image":"","background-repeat":"repeat","background-position":"center center","background-size":"auto","background-attachment":"scroll","background-type":"","background-media":"","overlay-type":"","overlay-color":"","overlay-opacity":"","overlay-gradient":""}},"ast-content-background-meta":{"desktop":{"background-color":"var(--ast-global-color-4)","background-image":"","background-repeat":"repeat","background-position":"center center","background-size":"auto","background-attachment":"scroll","background-type":"","background-media":"","overlay-type":"","overlay-color":"","overlay-opacity":"","overlay-gradient":""},"tablet":{"background-color":"var(--ast-global-color-4)","background-image":"","background-repeat":"repeat","background-position":"center center","background-size":"auto","background-attachment":"scroll","background-type":"","background-media":"","overlay-type":"","overlay-color":"","overlay-opacity":"","overlay-gradient":""},"mobile":{"background-color":"var(--ast-global-color-4)","background-image":"","background-repeat":"repeat","background-position":"center center","background-size":"auto","background-attachment":"scroll","background-type":"","background-media":"","overlay-type":"","overlay-color":"","overlay-opacity":"","overlay-gradient":""}},"footnotes":""},"categories":[10,17,11,4,6,5,12],"tags":[],"class_list":["post-41","post","type-post","status-publish","format-standard","has-post-thumbnail","hentry","category-clientes","category-controlo-de-vendas","category-dicas-de-gestao","category-equipas","category-outsourcing-vendas","category-plano-de-vendas","category-retalho"],"_links":{"self":[{"href":"https:\/\/www.exceder.pt\/blog\/wp-json\/wp\/v2\/posts\/41","targetHints":{"allow":["GET"]}}],"collection":[{"href":"https:\/\/www.exceder.pt\/blog\/wp-json\/wp\/v2\/posts"}],"about":[{"href":"https:\/\/www.exceder.pt\/blog\/wp-json\/wp\/v2\/types\/post"}],"author":[{"embeddable":true,"href":"https:\/\/www.exceder.pt\/blog\/wp-json\/wp\/v2\/users\/1"}],"replies":[{"embeddable":true,"href":"https:\/\/www.exceder.pt\/blog\/wp-json\/wp\/v2\/comments?post=41"}],"version-history":[{"count":1,"href":"https:\/\/www.exceder.pt\/blog\/wp-json\/wp\/v2\/posts\/41\/revisions"}],"predecessor-version":[{"id":150,"href":"https:\/\/www.exceder.pt\/blog\/wp-json\/wp\/v2\/posts\/41\/revisions\/150"}],"wp:featuredmedia":[{"embeddable":true,"href":"https:\/\/www.exceder.pt\/blog\/wp-json\/wp\/v2\/media\/521"}],"wp:attachment":[{"href":"https:\/\/www.exceder.pt\/blog\/wp-json\/wp\/v2\/media?parent=41"}],"wp:term":[{"taxonomy":"category","embeddable":true,"href":"https:\/\/www.exceder.pt\/blog\/wp-json\/wp\/v2\/categories?post=41"},{"taxonomy":"post_tag","embeddable":true,"href":"https:\/\/www.exceder.pt\/blog\/wp-json\/wp\/v2\/tags?post=41"}],"curies":[{"name":"wp","href":"https:\/\/api.w.org\/{rel}","templated":true}]}}