{"id":38,"date":"2018-04-17T14:00:42","date_gmt":"2018-04-17T14:00:42","guid":{"rendered":"https:\/\/www.exceder.pt\/blog\/caracteristicas-de-um-bom-lider-comercial\/"},"modified":"2026-04-28T21:14:00","modified_gmt":"2026-04-28T21:14:00","slug":"caracteristicas-de-um-bom-lider-comercial","status":"publish","type":"post","link":"https:\/\/www.exceder.pt\/blog\/caracteristicas-de-um-bom-lider-comercial\/","title":{"rendered":"Caracter\u00edsticas de um bom l\u00edder comercial"},"content":{"rendered":"<p style=\"text-align: right;\"><span style=\"font-size: 10pt;\">Tempo de leitura: 2 min<\/span><\/p>\n<p>Tal como disse Napole\u00e3o Bonaparte, um l\u00edder n\u00e3o \u00e9 mais que \u201cum vendedor de esperan\u00e7a\u201d, quer para a equipa quer para o cliente. O essencial \u00e9 que essa esperan\u00e7a se transforme em resultados \u2013 e como obtemos isso?<\/p>\n<p><img fetchpriority=\"high\" decoding=\"async\" loading=\"eager\" class=\"size-medium wp-image-1344 aligncenter\" src=\"https:\/\/www.exceder.pt\/blog\/wp-content\/uploads\/2018\/04\/photo-1450897918656-527057db59d3-300x199.jpeg\" alt=\"\" width=\"300\" height=\"200\" srcset=\"https:\/\/www.exceder.pt\/blog\/wp-content\/uploads\/2018\/04\/photo-1450897918656-527057db59d3-300x199.jpeg 300w, https:\/\/www.exceder.pt\/blog\/wp-content\/uploads\/2018\/04\/photo-1450897918656-527057db59d3-600x401.jpeg 600w, https:\/\/www.exceder.pt\/blog\/wp-content\/uploads\/2018\/04\/photo-1450897918656-527057db59d3.jpeg 749w\" sizes=\"(max-width: 300px) 100vw, 300px\" \/><\/p>\n<p><strong>Ouve e respeita as opini\u00f5es da equipa<\/strong><\/p>\n<p>Apesar de estar numa posi\u00e7\u00e3o de lideran\u00e7a, acima da sua equipa, o respons\u00e1vel comercial deve ter a preocupa\u00e7\u00e3o de ouvir a sua equipa: as dificuldades que est\u00e3o a ter nos v\u00e1rios processos, as d\u00favidas que t\u00eam relativamente ao produto ou at\u00e9 mesmo sugest\u00f5es de melhoria que possam querer implementar.<\/p>\n<p>Desta forma, est\u00e1 a mostrar respeito e confian\u00e7a pelos comerciais, algo que, mais cedo ou mais tarde, se vai refletir no espirito de equipa e nos resultados da marca.<\/p>\n<p><strong>Comunicativo<\/strong><\/p>\n<p>O papel desta pessoa reside, principalmente, na passagem de uma mensagem , vis\u00f5es e objetivos. Desta forma, n\u00e3o \u00e9 exigido ao supervisor que fale muito com a sua equipa, mas de uma forma regular e clara, que passe a mensagem sem erros de entendimento, transmitindo certas ordens de execu\u00e7\u00e3o que sejam reais, execut\u00e1veis\u00a0 n\u00e3o deixem espa\u00e7o para d\u00favidas ou erros.<\/p>\n<p><a href=\"https:\/\/www.exceder.pt\/blog\/?attachment_id=1346\" rel=\"attachment wp-att-1346\"><img decoding=\"async\" loading=\"eager\" class=\"size-full wp-image-1346 aligncenter\" src=\"https:\/\/www.exceder.pt\/blog\/wp-content\/uploads\/2018\/04\/tangled-blah-blah-blah-GIF-source.gif\" alt=\"\" width=\"500\" height=\"281\" \/><\/a><\/p>\n<p><strong>Tem vis\u00e3o<\/strong><\/p>\n<p>Um l\u00edder comercial deve olhar para o futuro com um pensamento cr\u00edtico, antecipando um quebra de vendas pela sazonalidade do produto que representa, bem como um novo lan\u00e7amento de produto ou inser\u00e7\u00e3o de um novo player no mercado<\/p>\n<p>Deve preparar a sua equipa para as adversidades ou consequ\u00eancias que cada fator pode trazer, preparando uma estrat\u00e9gia de execu\u00e7\u00e3o e planeamento tanto a curto prazo como a longo prazo.<\/p>\n<p><img decoding=\"async\" loading=\"eager\" class=\"size-medium wp-image-1342 aligncenter\" src=\"https:\/\/www.exceder.pt\/blog\/wp-content\/uploads\/2018\/04\/photo-1456694441711-af0ab2d64c96-300x199.jpeg\" alt=\"\" width=\"300\" height=\"200\" srcset=\"https:\/\/www.exceder.pt\/blog\/wp-content\/uploads\/2018\/04\/photo-1456694441711-af0ab2d64c96-300x199.jpeg 300w, https:\/\/www.exceder.pt\/blog\/wp-content\/uploads\/2018\/04\/photo-1456694441711-af0ab2d64c96-600x400.jpeg 600w, https:\/\/www.exceder.pt\/blog\/wp-content\/uploads\/2018\/04\/photo-1456694441711-af0ab2d64c96.jpeg 750w\" sizes=\"(max-width: 300px) 100vw, 300px\" \/><\/p>\n<p><strong>Exemplo a seguir<\/strong><\/p>\n<p>Tal como disse Ronald Reagan, o melhor l\u00edder n\u00e3o \u00e9 necessariamente o que faz as melhoras coisas, mas sim aquele que faz com que os outros \u00e0 sua volta fa\u00e7am o melhor.<\/p>\n<p>Desta forma, a pessoa respons\u00e1vel pela equipa tem a fun\u00e7\u00e3o de mostrar aos vendedores como ele trabalha e executa as tarefas, da forma que acredita ser mais eficiente para alcan\u00e7ar a meta desejada.<\/p>\n<p><strong>N\u00e3o tem medo de executar as tarefas<\/strong><\/p>\n<p>Um pouco \u00e0 semelhan\u00e7a do ponto anterior, o l\u00edder comercial deve ser o primeiro a mostrar <a href=\"http:\/\/exceder.pt\/pt\/como-trabalhamos\/\" target=\"_blank\" rel=\"noopener\">como se faz<\/a> ou como pretende que se fa\u00e7a. Mais do que exemplos e slides sobre o processo, este deve meter \u201cm\u00e3os \u00e0 obra\u201d e mostrar qual o processo a seguir na empresa \u2013 tudo pela marca e pelo cliente que estamos a representar!<\/p>\n<p><strong>Decis\u00f5es assentes em dados num\u00e9ricos<\/strong><\/p>\n<p>N\u00fameros, gr\u00e1ficos e folhas de excel podem ser um pesadelo para a maioria dos trabalhadores, mas n\u00e3o para o respons\u00e1vel comercial. N\u00e3o se limita a dizer \u201cpenso que o melhor era fazermos assim, porque\u2026sim\u201d \u2013 baseia as suas opini\u00f5es e decis\u00f5es em n\u00fameros e <a href=\"http:\/\/exceder.pt\/pt\/servicos\/\" target=\"_blank\" rel=\"noopener\">dados estat\u00edsticos<\/a>. S\u00f3 assim seria poss\u00edvel aumentarmos a distribui\u00e7\u00e3o do produto, aumento de espa\u00e7o e aumento de visibilidade do produto em loja \u2013 palavra de <strong>exceder!<\/strong><\/p>\n<p>&nbsp;<\/p>\n<p><img decoding=\"async\" loading=\"eager\" class=\" wp-image-1345 aligncenter\" src=\"https:\/\/www.exceder.pt\/blog\/wp-content\/uploads\/2018\/04\/Logo-completo-300x86.jpg\" alt=\"\" width=\"387\" height=\"111\" \/><\/p>\n","protected":false},"excerpt":{"rendered":"<p>Tempo de leitura: 2 min Tal como disse Napole\u00e3o Bonaparte, um l\u00edder n\u00e3o \u00e9 mais que \u201cum vendedor de esperan\u00e7a\u201d, [&hellip;]<\/p>\n","protected":false},"author":1,"featured_media":525,"comment_status":"open","ping_status":"open","sticky":false,"template":"","format":"standard","meta":{"site-sidebar-layout":"default","site-content-layout":"","ast-site-content-layout":"default","site-content-style":"default","site-sidebar-style":"default","ast-global-header-display":"","ast-banner-title-visibility":"","ast-main-header-display":"","ast-hfb-above-header-display":"","ast-hfb-below-header-display":"","ast-hfb-mobile-header-display":"","site-post-title":"","ast-breadcrumbs-content":"","ast-featured-img":"","footer-sml-layout":"","ast-disable-related-posts":"","theme-transparent-header-meta":"","adv-header-id-meta":"","stick-header-meta":"","header-above-stick-meta":"","header-main-stick-meta":"","header-below-stick-meta":"","astra-migrate-meta-layouts":"default","ast-page-background-enabled":"default","ast-page-background-meta":{"desktop":{"background-color":"var(--ast-global-color-5)","background-image":"","background-repeat":"repeat","background-position":"center center","background-size":"auto","background-attachment":"scroll","background-type":"","background-media":"","overlay-type":"","overlay-color":"","overlay-opacity":"","overlay-gradient":""},"tablet":{"background-color":"","background-image":"","background-repeat":"repeat","background-position":"center center","background-size":"auto","background-attachment":"scroll","background-type":"","background-media":"","overlay-type":"","overlay-color":"","overlay-opacity":"","overlay-gradient":""},"mobile":{"background-color":"","background-image":"","background-repeat":"repeat","background-position":"center center","background-size":"auto","background-attachment":"scroll","background-type":"","background-media":"","overlay-type":"","overlay-color":"","overlay-opacity":"","overlay-gradient":""}},"ast-content-background-meta":{"desktop":{"background-color":"var(--ast-global-color-4)","background-image":"","background-repeat":"repeat","background-position":"center center","background-size":"auto","background-attachment":"scroll","background-type":"","background-media":"","overlay-type":"","overlay-color":"","overlay-opacity":"","overlay-gradient":""},"tablet":{"background-color":"var(--ast-global-color-4)","background-image":"","background-repeat":"repeat","background-position":"center center","background-size":"auto","background-attachment":"scroll","background-type":"","background-media":"","overlay-type":"","overlay-color":"","overlay-opacity":"","overlay-gradient":""},"mobile":{"background-color":"var(--ast-global-color-4)","background-image":"","background-repeat":"repeat","background-position":"center center","background-size":"auto","background-attachment":"scroll","background-type":"","background-media":"","overlay-type":"","overlay-color":"","overlay-opacity":"","overlay-gradient":""}},"footnotes":""},"categories":[10,11,4,14],"tags":[],"class_list":["post-38","post","type-post","status-publish","format-standard","has-post-thumbnail","hentry","category-clientes","category-dicas-de-gestao","category-equipas","category-recursos-humanos-produtividade-energia-eficacia"],"_links":{"self":[{"href":"https:\/\/www.exceder.pt\/blog\/wp-json\/wp\/v2\/posts\/38","targetHints":{"allow":["GET"]}}],"collection":[{"href":"https:\/\/www.exceder.pt\/blog\/wp-json\/wp\/v2\/posts"}],"about":[{"href":"https:\/\/www.exceder.pt\/blog\/wp-json\/wp\/v2\/types\/post"}],"author":[{"embeddable":true,"href":"https:\/\/www.exceder.pt\/blog\/wp-json\/wp\/v2\/users\/1"}],"replies":[{"embeddable":true,"href":"https:\/\/www.exceder.pt\/blog\/wp-json\/wp\/v2\/comments?post=38"}],"version-history":[{"count":1,"href":"https:\/\/www.exceder.pt\/blog\/wp-json\/wp\/v2\/posts\/38\/revisions"}],"predecessor-version":[{"id":148,"href":"https:\/\/www.exceder.pt\/blog\/wp-json\/wp\/v2\/posts\/38\/revisions\/148"}],"wp:featuredmedia":[{"embeddable":true,"href":"https:\/\/www.exceder.pt\/blog\/wp-json\/wp\/v2\/media\/525"}],"wp:attachment":[{"href":"https:\/\/www.exceder.pt\/blog\/wp-json\/wp\/v2\/media?parent=38"}],"wp:term":[{"taxonomy":"category","embeddable":true,"href":"https:\/\/www.exceder.pt\/blog\/wp-json\/wp\/v2\/categories?post=38"},{"taxonomy":"post_tag","embeddable":true,"href":"https:\/\/www.exceder.pt\/blog\/wp-json\/wp\/v2\/tags?post=38"}],"curies":[{"name":"wp","href":"https:\/\/api.w.org\/{rel}","templated":true}]}}