{"id":35,"date":"2018-05-22T13:00:03","date_gmt":"2018-05-22T13:00:03","guid":{"rendered":"https:\/\/www.exceder.pt\/blog\/cv-comercial\/"},"modified":"2026-04-28T21:13:55","modified_gmt":"2026-04-28T21:13:55","slug":"cv-comercial","status":"publish","type":"post","link":"https:\/\/www.exceder.pt\/blog\/cv-comercial\/","title":{"rendered":"O que deve ter no seu CV Comercial?"},"content":{"rendered":"<p>Como cada \u00e1rea tem as suas particularidades, hoje queremos responder \u00e0s suas d\u00favidas: O que deve o seu CV incluir para ter maiores possibilidades de ser chamado para uma posi\u00e7\u00e3o de comercial?<\/p>\n<p><strong>Clientes e Setor<\/strong><\/p>\n<p>Refira os clientes\/marcas para as quais desempenhou fun\u00e7\u00f5es comerciais e o setor especifico.<\/p>\n<p>\u00c9 um dos pontos mais procurados num curr\u00edculo e no perfil de um candidato &#8211; a experi\u00eancia com uma determinada \u00e1rea ou setor e n\u00e3o apenas a experi\u00eancia comercial em si.<\/p>\n<p><strong>N\u00fameros e Valores<\/strong><\/p>\n<p>Mais importante do que referir as suas fun\u00e7\u00f5es e o tempo que trabalhou em cada local, o seu CV deve demonstrar o impacto que teve para a empresa ou marca.<\/p>\n<p>Refira, por exemplo, o n\u00famero de marcas que conseguiu impactar e tornar clientes da sua empresa \u00a0ou mesmo a fatura\u00e7\u00e3o adicional que voc\u00ea e a sua equipa comercial trouxeram para a sua marca. N\u00e3o se esque\u00e7a que o seu objetivo \u00e9 evidenciar as suas qualidades enquanto profissional de vendas!<\/p>\n<p><a href=\"https:\/\/www.exceder.pt\/blog\/?attachment_id=1380\" rel=\"attachment wp-att-1380\"><img fetchpriority=\"high\" decoding=\"async\" loading=\"eager\" class=\"aligncenter size-full wp-image-1380\" src=\"https:\/\/www.exceder.pt\/blog\/wp-content\/uploads\/2018\/05\/giphy-1.gif\" alt=\"\" width=\"398\" height=\"478\" \/><\/a><\/p>\n<p><strong>D\u00ea aten\u00e7\u00e3o aos detalhes<\/strong><\/p>\n<p>Seja claro e sucinto uma vez que n\u00e3o \u00e9 uma vantagem ter um curr\u00edculo demasiado extenso com duas ou tr\u00eas p\u00e1ginas, mas opte sempre por mostrar o impacto que teve no projeto, o impacto das suas decis\u00f5es, as mais vaias da empresa e as tarefas que desempenhou.<\/p>\n<p>Por exemplo, n\u00e3o refira apenas que foi promotor da marca X durante 2 meses \u2013 diga que desenvolveu essa tarefa um m\u00eas na zona de Lisboa e outro m\u00eas na zona do Porto, que a marca X era marca l\u00edder na categoria e que foi a segunda maior campanha da marca no nosso pa\u00eds.<\/p>\n<p><strong>Para al\u00e9m da \u00e1rea comercial\u2026<\/strong><\/p>\n<p>Apesar do curr\u00edculo ser quase uma fotografia da sua experi\u00eancia e das realiza\u00e7\u00f5es profissionais, \u00e9 sempre bom incluir algum tipo de conhecimento fora da sua \u00e1rea (como um workshop ou pequeno curso numa \u00e1rea diferente do ramo comercial e das vendas) e os hobbies que tenha na sua semana.<\/p>\n<p>Por um lado, mostra o seu conhecimento e interesse para al\u00e9m desta vertente; por outro, mostra que tem uma boa gest\u00e3o de tempo para conciliar hobbies ou estudos.<\/p>\n<p>Imagine que pratica h\u00e1 alguns anos algum tipo de desporto mas que nunca teve experi\u00eancia comercial nesse setor? O facto de ter conhecimento nessa mat\u00e9ria pode ser um fator para o seu CV n\u00e3o ficar de parte numa segunda fase de candidaturas.<\/p>\n<p><a href=\"https:\/\/www.exceder.pt\/blog\/wp-content\/uploads\/2018\/05\/photo-1523006752333-c3131de0378f.jpeg\"><img decoding=\"async\" loading=\"eager\" class=\"aligncenter size-full wp-image-1383\" src=\"https:\/\/www.exceder.pt\/blog\/wp-content\/uploads\/2018\/05\/photo-1523006752333-c3131de0378f.jpeg\" alt=\"\" width=\"730\" height=\"500\" srcset=\"https:\/\/www.exceder.pt\/blog\/wp-content\/uploads\/2018\/05\/photo-1523006752333-c3131de0378f.jpeg 730w, https:\/\/www.exceder.pt\/blog\/wp-content\/uploads\/2018\/05\/photo-1523006752333-c3131de0378f-600x411.jpeg 600w, https:\/\/www.exceder.pt\/blog\/wp-content\/uploads\/2018\/05\/photo-1523006752333-c3131de0378f-300x205.jpeg 300w\" sizes=\"(max-width: 730px) 100vw, 730px\" \/><\/a><\/p>\n<p><strong>Criatividade<\/strong><\/p>\n<p>N\u00e3o se pode esquecer que a estrutura e a forma como apresenta o seu curr\u00edculo \u00e9 a primeira coisa que vai ser tida em conta quando olharem para o seu curr\u00edculo, mais do que as informa\u00e7\u00f5es nele presente.<\/p>\n<p>Queira ter um CV com um aspeto clean, organizado de forma cronol\u00f3gica, por grupos, desde os estudos \u00e0 experi\u00eancia profissional. Acima de tudo, queira dar alguma cor e elementos visuais ao documento, desde as margens ou t\u00edtulos \u00e0 sua fotografia.<\/p>\n<p><a href=\"https:\/\/www.exceder.pt\/blog\/wp-content\/uploads\/2018\/04\/Logo-completo.jpg\"><img decoding=\"async\" loading=\"eager\" class=\"aligncenter size-full wp-image-1345\" src=\"https:\/\/www.exceder.pt\/blog\/wp-content\/uploads\/2018\/04\/Logo-completo.jpg\" alt=\"\" width=\"1000\" height=\"288\" \/><\/a><\/p>\n","protected":false},"excerpt":{"rendered":"<p>Como cada \u00e1rea tem as suas particularidades, hoje queremos responder \u00e0s suas d\u00favidas: O que deve o seu CV incluir [&hellip;]<\/p>\n","protected":false},"author":1,"featured_media":531,"comment_status":"open","ping_status":"open","sticky":false,"template":"","format":"standard","meta":{"site-sidebar-layout":"default","site-content-layout":"","ast-site-content-layout":"default","site-content-style":"default","site-sidebar-style":"default","ast-global-header-display":"","ast-banner-title-visibility":"","ast-main-header-display":"","ast-hfb-above-header-display":"","ast-hfb-below-header-display":"","ast-hfb-mobile-header-display":"","site-post-title":"","ast-breadcrumbs-content":"","ast-featured-img":"","footer-sml-layout":"","ast-disable-related-posts":"","theme-transparent-header-meta":"","adv-header-id-meta":"","stick-header-meta":"","header-above-stick-meta":"","header-main-stick-meta":"","header-below-stick-meta":"","astra-migrate-meta-layouts":"default","ast-page-background-enabled":"default","ast-page-background-meta":{"desktop":{"background-color":"var(--ast-global-color-5)","background-image":"","background-repeat":"repeat","background-position":"center center","background-size":"auto","background-attachment":"scroll","background-type":"","background-media":"","overlay-type":"","overlay-color":"","overlay-opacity":"","overlay-gradient":""},"tablet":{"background-color":"","background-image":"","background-repeat":"repeat","background-position":"center center","background-size":"auto","background-attachment":"scroll","background-type":"","background-media":"","overlay-type":"","overlay-color":"","overlay-opacity":"","overlay-gradient":""},"mobile":{"background-color":"","background-image":"","background-repeat":"repeat","background-position":"center center","background-size":"auto","background-attachment":"scroll","background-type":"","background-media":"","overlay-type":"","overlay-color":"","overlay-opacity":"","overlay-gradient":""}},"ast-content-background-meta":{"desktop":{"background-color":"var(--ast-global-color-4)","background-image":"","background-repeat":"repeat","background-position":"center center","background-size":"auto","background-attachment":"scroll","background-type":"","background-media":"","overlay-type":"","overlay-color":"","overlay-opacity":"","overlay-gradient":""},"tablet":{"background-color":"var(--ast-global-color-4)","background-image":"","background-repeat":"repeat","background-position":"center center","background-size":"auto","background-attachment":"scroll","background-type":"","background-media":"","overlay-type":"","overlay-color":"","overlay-opacity":"","overlay-gradient":""},"mobile":{"background-color":"var(--ast-global-color-4)","background-image":"","background-repeat":"repeat","background-position":"center center","background-size":"auto","background-attachment":"scroll","background-type":"","background-media":"","overlay-type":"","overlay-color":"","overlay-opacity":"","overlay-gradient":""}},"footnotes":""},"categories":[7,6,15,14,9],"tags":[],"class_list":["post-35","post","type-post","status-publish","format-standard","has-post-thumbnail","hentry","category-formacao","category-outsourcing-vendas","category-recrutamento","category-recursos-humanos-produtividade-energia-eficacia","category-vendedores"],"_links":{"self":[{"href":"https:\/\/www.exceder.pt\/blog\/wp-json\/wp\/v2\/posts\/35","targetHints":{"allow":["GET"]}}],"collection":[{"href":"https:\/\/www.exceder.pt\/blog\/wp-json\/wp\/v2\/posts"}],"about":[{"href":"https:\/\/www.exceder.pt\/blog\/wp-json\/wp\/v2\/types\/post"}],"author":[{"embeddable":true,"href":"https:\/\/www.exceder.pt\/blog\/wp-json\/wp\/v2\/users\/1"}],"replies":[{"embeddable":true,"href":"https:\/\/www.exceder.pt\/blog\/wp-json\/wp\/v2\/comments?post=35"}],"version-history":[{"count":1,"href":"https:\/\/www.exceder.pt\/blog\/wp-json\/wp\/v2\/posts\/35\/revisions"}],"predecessor-version":[{"id":147,"href":"https:\/\/www.exceder.pt\/blog\/wp-json\/wp\/v2\/posts\/35\/revisions\/147"}],"wp:featuredmedia":[{"embeddable":true,"href":"https:\/\/www.exceder.pt\/blog\/wp-json\/wp\/v2\/media\/531"}],"wp:attachment":[{"href":"https:\/\/www.exceder.pt\/blog\/wp-json\/wp\/v2\/media?parent=35"}],"wp:term":[{"taxonomy":"category","embeddable":true,"href":"https:\/\/www.exceder.pt\/blog\/wp-json\/wp\/v2\/categories?post=35"},{"taxonomy":"post_tag","embeddable":true,"href":"https:\/\/www.exceder.pt\/blog\/wp-json\/wp\/v2\/tags?post=35"}],"curies":[{"name":"wp","href":"https:\/\/api.w.org\/{rel}","templated":true}]}}