{"id":25,"date":"2019-06-27T16:00:37","date_gmt":"2019-06-27T16:00:37","guid":{"rendered":"https:\/\/www.exceder.pt\/blog\/gestao-de-tempo-8-dicas-essenciais\/"},"modified":"2026-04-28T21:13:11","modified_gmt":"2026-04-28T21:13:11","slug":"gestao-de-tempo-8-dicas-essenciais","status":"publish","type":"post","link":"https:\/\/www.exceder.pt\/blog\/gestao-de-tempo-8-dicas-essenciais\/","title":{"rendered":"Gest\u00e3o de tempo: 8 dicas essenciais!"},"content":{"rendered":"<figure class=\"wp-block-image size-large\"><img fetchpriority=\"high\" decoding=\"async\" loading=\"eager\" width=\"1024\" height=\"538\" src=\"https:\/\/www.exceder.pt\/blog\/wp-content\/uploads\/2023\/03\/Untitled-1-23-1024x537.png\" alt=\"\" class=\"wp-image-2085\" srcset=\"https:\/\/www.exceder.pt\/blog\/wp-content\/uploads\/2023\/03\/Untitled-1-23-1024x537.png 1024w, https:\/\/www.exceder.pt\/blog\/wp-content\/uploads\/2023\/03\/Untitled-1-23-300x157.png 300w, https:\/\/www.exceder.pt\/blog\/wp-content\/uploads\/2023\/03\/Untitled-1-23-768x403.png 768w, https:\/\/www.exceder.pt\/blog\/wp-content\/uploads\/2023\/03\/Untitled-1-23.png 1200w\" sizes=\"(max-width: 1024px) 100vw, 1024px\" \/><\/figure>\n<p>\u00a0<\/p>\n<p>Todos nos debatemos cada vez mais com o paradigma de mais trabalho e menos tempo. A verdade \u00e9 que muitas vezes \u00e9 tudo uma quest\u00e3o de organiza\u00e7\u00e3o e boa gest\u00e3o do tempo.<\/p>\n<p>Para realizar uma <strong>gest\u00e3o de tempo eficiente<\/strong> h\u00e1 que ter sempre em mente uma <strong>regra de ouro<\/strong>: trabalhar melhor, n\u00e3o significa trabalhar mais tempo.<\/p>\n<p>A<span style=\"color: #3366ff;\"> <a style=\"color: #3366ff;\" href=\"https:\/\/www.exceder.pt\/blog\/aumentar-a-produtividade-como-o-fazer\/\">produtividade<\/a><\/span> de cada um est\u00e1 nos resultados que adv\u00eam do seu trabalho, quanto maior for a qualidade do que faz<strong>, mais valor ter\u00e1 o seu trabalho<\/strong>.<\/p>\n<p>O tempo dedicado a cada tarefa deve ser vari\u00e1vel, consoante a exig\u00eancia da mesma. N\u00e3o fique demasiado tempo numa tarefa sem necessidade.<\/p>\n<p>Assim, deixamos<strong> 8 dicas essenciais<\/strong> para quem quer melhorar a sua gest\u00e3o de tempo:<\/p>\n<p><strong>1 FA\u00c7A UMA LISTA DE TAREFAS DI\u00c1RIAS<\/strong><\/p>\n<p>No in\u00edcio de cada dia fa\u00e7a uma lista das tarefas que tem de realizar e organize-as por prioridade. Realize uma tarefa de cada vez, n\u00e3o acumule, nem tente fazer tudo ao mesmo tempo.<\/p>\n<p><strong>2 COMECE PELAS TAREFAS MAIS COMPLICADAS LOGO DE MANH\u00c3<\/strong><\/p>\n<p>De manh\u00e3 o nosso corpo est\u00e1 mais ativo e o foco \u00e9 maior, por isso aproveite para realizar as tarefas mais complicadas e demoradas e distribua as restantes tarefas ao longo do dia. Deixe as tarefas mais prazerosas para realizar ao final do dia.<\/p>\n<p><strong>3 DELEGUE OU PE\u00c7A AJUDA<\/strong><\/p>\n<p>Nem sempre \u00e9 f\u00e1cil dar conta de todas as tarefas que temos para cada dia, mas o melhor ser\u00e1 delegar o que puder, ou pedir ajuda quando necessita.<\/p>\n<p><strong>4 FA\u00c7A PAUSAS ENTRE TAREFAS E REUNI\u00d5ES<\/strong><\/p>\n<p>Ao realizar pausas entre tarefas o seu corpo e mente descansam. Este \u00e9 um passo importante para que consiga focar-se rapidamente na pr\u00f3xima tarefa. Al\u00e9m disso, \u00e9 uma forma de evitar andar atrasado entre reuni\u00f5es ou compromissos.<\/p>\n<p>\u00a0<\/p>\n<p><strong>5 ELIMINE DISTRA\u00c7\u00d5ES<\/strong><\/p>\n<p>Hoje em dia somos constantemente bombardeados com diversas distra\u00e7\u00f5es, sejam chamadas; e-mails; ou colegas, tudo pode contribuir para diminuir a nossa produtividade.<\/p>\n<p>Tente ao m\u00e1ximo eliminar estas distra\u00e7\u00f5es quando realiza uma tarefa, principalmente se esta for urgente.<\/p>\n<p>Uma forma de o fazer pode ser deixar o telem\u00f3vel na sala do lado durante um tempo definido, ou mudar-se para uma sala sozinho sem ningu\u00e9m para o distrair.<\/p>\n<p><strong>6 MANTENHA-SE ORGANIZADO<\/strong><\/p>\n<p>Pode recorrer a uma agenda\u00a0 ou a um calend\u00e1rio online, esta \u00faltima consideramos que seja a melhor op\u00e7\u00e3o, j\u00e1 que\u00a0 pode aceder em diferentes dispositivos.\u00a0 \u00c9 importante manter o registo da sua organiza\u00e7\u00e3o di\u00e1ria para que n\u00e3o lhe escape nada e possa gerir de forma mais eficiente o seu tempo.<\/p>\n<p><strong>7 SAIBA DIZER N\u00c3O<\/strong><\/p>\n<p>Muitas vezes queremos ajudar os outros, na maior parte das vezes \u00e9 importante conseguirmos apoiar os outros quando precisam, j\u00e1 que um dia poderemos ser n\u00f3s. Contudo, n\u00e3o deixe que isso se torne numa rotina e, jamais, deixe que as tarefas dos outros prejudiquem as tarefas importantes que tem para realizar.<\/p>\n<p>Saber dizer n\u00e3o pode parecer dif\u00edcil ou errado, mas \u00e9 importante conseguir faz\u00ea-lo quando tem mesmo que ser.<\/p>\n<p><strong>8 JUNTE AS TAREFAS PARECIDAS<\/strong><\/p>\n<p>Aproveite para realizar as tarefas mais parecidas umas a seguir \u00e0s outras. Desta forma, quando muda de uma tarefa para a outra o seu c\u00e9rebro j\u00e1 est\u00e1 dentro da mesma l\u00f3gica de pensamento e n\u00e3o vai demorar tanto tempo a adaptar-se.<\/p>\n<p>\u00a0<\/p>\n<p>Na<span style=\"color: #3366ff;\"> <a style=\"color: #3366ff;\" href=\"http:\/\/www.exceder.pt\">exceder<\/a><\/span> procuramos apoiar os nossos vendedores e<span style=\"color: #3366ff;\"> <a style=\"color: #3366ff;\" href=\"https:\/\/www.exceder.pt\/blog\/supervisores-ter-ou-nao-ter-eis-a-questao\/\">supervisores<\/a><\/span> com ferramentas que auxiliam a gest\u00e3o de tempo e a realiza\u00e7\u00e3o das diferentes tarefas di\u00e1rias.<\/p>\n<p>No seu dia-a-dia procure adotar algumas destas sugest\u00f5es e ver\u00e1 a diferen\u00e7a!<\/p>\n<p>Se precisar de ajuda neste campo junto da sua equipa de vendas, <span style=\"color: #3366ff;\"><a style=\"color: #3366ff;\" href=\"mailto:info@exceder.pt\">contacte-nos<\/a>.<\/span><\/p>\n","protected":false},"excerpt":{"rendered":"<p>\u00a0 Todos nos debatemos cada vez mais com o paradigma de mais trabalho e menos tempo. A verdade \u00e9 que [&hellip;]<\/p>\n","protected":false},"author":1,"featured_media":567,"comment_status":"open","ping_status":"open","sticky":false,"template":"","format":"standard","meta":{"site-sidebar-layout":"default","site-content-layout":"","ast-site-content-layout":"default","site-content-style":"default","site-sidebar-style":"default","ast-global-header-display":"","ast-banner-title-visibility":"","ast-main-header-display":"","ast-hfb-above-header-display":"","ast-hfb-below-header-display":"","ast-hfb-mobile-header-display":"","site-post-title":"","ast-breadcrumbs-content":"","ast-featured-img":"","footer-sml-layout":"","ast-disable-related-posts":"","theme-transparent-header-meta":"","adv-header-id-meta":"","stick-header-meta":"","header-above-stick-meta":"","header-main-stick-meta":"","header-below-stick-meta":"","astra-migrate-meta-layouts":"default","ast-page-background-enabled":"default","ast-page-background-meta":{"desktop":{"background-color":"var(--ast-global-color-5)","background-image":"","background-repeat":"repeat","background-position":"center center","background-size":"auto","background-attachment":"scroll","background-type":"","background-media":"","overlay-type":"","overlay-color":"","overlay-opacity":"","overlay-gradient":""},"tablet":{"background-color":"","background-image":"","background-repeat":"repeat","background-position":"center center","background-size":"auto","background-attachment":"scroll","background-type":"","background-media":"","overlay-type":"","overlay-color":"","overlay-opacity":"","overlay-gradient":""},"mobile":{"background-color":"","background-image":"","background-repeat":"repeat","background-position":"center center","background-size":"auto","background-attachment":"scroll","background-type":"","background-media":"","overlay-type":"","overlay-color":"","overlay-opacity":"","overlay-gradient":""}},"ast-content-background-meta":{"desktop":{"background-color":"var(--ast-global-color-4)","background-image":"","background-repeat":"repeat","background-position":"center center","background-size":"auto","background-attachment":"scroll","background-type":"","background-media":"","overlay-type":"","overlay-color":"","overlay-opacity":"","overlay-gradient":""},"tablet":{"background-color":"var(--ast-global-color-4)","background-image":"","background-repeat":"repeat","background-position":"center center","background-size":"auto","background-attachment":"scroll","background-type":"","background-media":"","overlay-type":"","overlay-color":"","overlay-opacity":"","overlay-gradient":""},"mobile":{"background-color":"var(--ast-global-color-4)","background-image":"","background-repeat":"repeat","background-position":"center center","background-size":"auto","background-attachment":"scroll","background-type":"","background-media":"","overlay-type":"","overlay-color":"","overlay-opacity":"","overlay-gradient":""}},"footnotes":""},"categories":[11,14],"tags":[],"class_list":["post-25","post","type-post","status-publish","format-standard","has-post-thumbnail","hentry","category-dicas-de-gestao","category-recursos-humanos-produtividade-energia-eficacia"],"_links":{"self":[{"href":"https:\/\/www.exceder.pt\/blog\/wp-json\/wp\/v2\/posts\/25","targetHints":{"allow":["GET"]}}],"collection":[{"href":"https:\/\/www.exceder.pt\/blog\/wp-json\/wp\/v2\/posts"}],"about":[{"href":"https:\/\/www.exceder.pt\/blog\/wp-json\/wp\/v2\/types\/post"}],"author":[{"embeddable":true,"href":"https:\/\/www.exceder.pt\/blog\/wp-json\/wp\/v2\/users\/1"}],"replies":[{"embeddable":true,"href":"https:\/\/www.exceder.pt\/blog\/wp-json\/wp\/v2\/comments?post=25"}],"version-history":[{"count":1,"href":"https:\/\/www.exceder.pt\/blog\/wp-json\/wp\/v2\/posts\/25\/revisions"}],"predecessor-version":[{"id":137,"href":"https:\/\/www.exceder.pt\/blog\/wp-json\/wp\/v2\/posts\/25\/revisions\/137"}],"wp:featuredmedia":[{"embeddable":true,"href":"https:\/\/www.exceder.pt\/blog\/wp-json\/wp\/v2\/media\/567"}],"wp:attachment":[{"href":"https:\/\/www.exceder.pt\/blog\/wp-json\/wp\/v2\/media?parent=25"}],"wp:term":[{"taxonomy":"category","embeddable":true,"href":"https:\/\/www.exceder.pt\/blog\/wp-json\/wp\/v2\/categories?post=25"},{"taxonomy":"post_tag","embeddable":true,"href":"https:\/\/www.exceder.pt\/blog\/wp-json\/wp\/v2\/tags?post=25"}],"curies":[{"name":"wp","href":"https:\/\/api.w.org\/{rel}","templated":true}]}}